{"id":3290,"date":"2024-12-09T13:14:19","date_gmt":"2024-12-09T12:14:19","guid":{"rendered":"https:\/\/talents.kviff.com\/?p=3290"},"modified":"2024-12-09T13:21:41","modified_gmt":"2024-12-09T12:21:41","slug":"tvurci-rezidence-v-karlovych-varech-je-za-nami","status":"publish","type":"post","link":"https:\/\/talents.kviff.com\/en\/tvurci-rezidence-v-karlovych-varech-je-za-nami\/","title":{"rendered":"Our Creative Residency in Karlovy Vary Has Come to a Close!"},"content":{"rendered":"<div data-elementor-type=\"wp-post\" data-elementor-id=\"3290\" class=\"elementor elementor-3290\" data-elementor-post-type=\"post\">\n\t\t\t\t\t\t<section class=\"elementor-section elementor-top-section elementor-element elementor-element-32d1a7c elementor-section-boxed elementor-section-height-default elementor-section-height-default\" data-id=\"32d1a7c\" data-element_type=\"section\" data-e-type=\"section\">\n\t\t\t\t\t\t<div class=\"elementor-container elementor-column-gap-no\">\n\t\t\t\t\t<div class=\"elementor-column elementor-col-100 elementor-top-column elementor-element elementor-element-1169078\" data-id=\"1169078\" data-element_type=\"column\" data-e-type=\"column\">\n\t\t\t<div class=\"elementor-widget-wrap elementor-element-populated\">\n\t\t\t\t\t\t<div class=\"elementor-element elementor-element-22f62a4 elementor-widget elementor-widget-gallery\" data-id=\"22f62a4\" data-element_type=\"widget\" data-e-type=\"widget\" data-settings=\"{&quot;gallery_layout&quot;:&quot;masonry&quot;,&quot;columns&quot;:1,&quot;gap_mobile&quot;:{&quot;unit&quot;:&quot;px&quot;,&quot;size&quot;:20,&quot;sizes&quot;:[]},&quot;gap&quot;:{&quot;unit&quot;:&quot;px&quot;,&quot;size&quot;:20,&quot;sizes&quot;:[]},&quot;columns_tablet&quot;:2,&quot;columns_mobile&quot;:1,&quot;gap_tablet_extra&quot;:{&quot;unit&quot;:&quot;px&quot;,&quot;size&quot;:10,&quot;sizes&quot;:[]},&quot;gap_tablet&quot;:{&quot;unit&quot;:&quot;px&quot;,&quot;size&quot;:10,&quot;sizes&quot;:[]},&quot;link_to&quot;:&quot;file&quot;,&quot;overlay_background&quot;:&quot;yes&quot;,&quot;content_hover_animation&quot;:&quot;fade-in&quot;}\" data-widget_type=\"gallery.default\">\n\t\t\t\t<div class=\"elementor-widget-container\">\n\t\t\t\t\t\t\t<div class=\"elementor-gallery__container\">\n\t\t\t\t\t\t\t<a class=\"e-gallery-item elementor-gallery-item elementor-animated-content\" href=\"https:\/\/talents.kviff.com\/wp-content\/uploads\/2024\/12\/KVIFF-Taletns-\u2013-rezidence-2024-2-2.jpeg\" data-elementor-open-lightbox=\"yes\" data-elementor-lightbox-slideshow=\"22f62a4\" data-elementor-lightbox-title=\"KVIFF Taletns \u2013 rezidence 2024 (2)\" data-e-action-hash=\"#elementor-action%3Aaction%3Dlightbox%26settings%3DeyJpZCI6MzI5OCwidXJsIjoiaHR0cHM6XC9cL3RhbGVudHMua3ZpZmYuY29tXC93cC1jb250ZW50XC91cGxvYWRzXC8yMDI0XC8xMlwvS1ZJRkYtVGFsZXRucy1cdTIwMTMtcmV6aWRlbmNlLTIwMjQtMi0yLmpwZWciLCJzbGlkZXNob3ciOiIyMmY2MmE0In0%3D\">\n\t\t\t\t\t<div class=\"e-gallery-image elementor-gallery-item__image\" data-thumbnail=\"https:\/\/talents.kviff.com\/wp-content\/uploads\/2024\/12\/KVIFF-Taletns-\u2013-rezidence-2024-2-2-1536x1152.jpeg\" data-width=\"1536\" data-height=\"1152\" aria-label=\"\" role=\"img\" ><\/div>\n\t\t\t\t\t\t\t\t\t\t\t<div class=\"elementor-gallery-item__overlay\"><\/div>\n\t\t\t\t\t\t\t\t\t\t\t\t\t\t<\/a>\n\t\t\t\t\t\t\t<a class=\"e-gallery-item elementor-gallery-item elementor-animated-content\" href=\"https:\/\/talents.kviff.com\/wp-content\/uploads\/2024\/12\/KVIFF-Taletns-\u2013-rezidence-2024-4-scaled.jpeg\" data-elementor-open-lightbox=\"yes\" data-elementor-lightbox-slideshow=\"22f62a4\" data-elementor-lightbox-title=\"KVIFF Taletns \u2013 rezidence 2024 (4)\" data-e-action-hash=\"#elementor-action%3Aaction%3Dlightbox%26settings%3DeyJpZCI6MzI5NywidXJsIjoiaHR0cHM6XC9cL3RhbGVudHMua3ZpZmYuY29tXC93cC1jb250ZW50XC91cGxvYWRzXC8yMDI0XC8xMlwvS1ZJRkYtVGFsZXRucy1cdTIwMTMtcmV6aWRlbmNlLTIwMjQtNC1zY2FsZWQuanBlZyIsInNsaWRlc2hvdyI6IjIyZjYyYTQifQ%3D%3D\">\n\t\t\t\t\t<div class=\"e-gallery-image elementor-gallery-item__image\" data-thumbnail=\"https:\/\/talents.kviff.com\/wp-content\/uploads\/2024\/12\/KVIFF-Taletns-\u2013-rezidence-2024-4-1536x1152.jpeg\" data-width=\"1536\" data-height=\"1152\" aria-label=\"\" role=\"img\" ><\/div>\n\t\t\t\t\t\t\t\t\t\t\t<div class=\"elementor-gallery-item__overlay\"><\/div>\n\t\t\t\t\t\t\t\t\t\t\t\t\t\t<\/a>\n\t\t\t\t\t\t\t<a class=\"e-gallery-item elementor-gallery-item elementor-animated-content\" href=\"https:\/\/talents.kviff.com\/wp-content\/uploads\/2024\/12\/KVIFF-Taletns-\u2013-rezidence-2024-3--scaled.jpeg\" data-elementor-open-lightbox=\"yes\" data-elementor-lightbox-slideshow=\"22f62a4\" data-elementor-lightbox-title=\"KVIFF Taletns \u2013 rezidence 2024 (3)\" data-e-action-hash=\"#elementor-action%3Aaction%3Dlightbox%26settings%3DeyJpZCI6MzI5NiwidXJsIjoiaHR0cHM6XC9cL3RhbGVudHMua3ZpZmYuY29tXC93cC1jb250ZW50XC91cGxvYWRzXC8yMDI0XC8xMlwvS1ZJRkYtVGFsZXRucy1cdTIwMTMtcmV6aWRlbmNlLTIwMjQtMy0tc2NhbGVkLmpwZWciLCJzbGlkZXNob3ciOiIyMmY2MmE0In0%3D\">\n\t\t\t\t\t<div class=\"e-gallery-image elementor-gallery-item__image\" data-thumbnail=\"https:\/\/talents.kviff.com\/wp-content\/uploads\/2024\/12\/KVIFF-Taletns-\u2013-rezidence-2024-3--1536x1152.jpeg\" data-width=\"1536\" data-height=\"1152\" aria-label=\"\" role=\"img\" ><\/div>\n\t\t\t\t\t\t\t\t\t\t\t<div class=\"elementor-gallery-item__overlay\"><\/div>\n\t\t\t\t\t\t\t\t\t\t\t\t\t\t<\/a>\n\t\t\t\t\t\t\t<a class=\"e-gallery-item elementor-gallery-item elementor-animated-content\" href=\"https:\/\/talents.kviff.com\/wp-content\/uploads\/2024\/12\/KVIFF-Taletns-\u2013-rezidence-2024-1.jpeg\" data-elementor-open-lightbox=\"yes\" data-elementor-lightbox-slideshow=\"22f62a4\" data-elementor-lightbox-title=\"KVIFF Taletns \u2013 rezidence 2024 (1)\" data-e-action-hash=\"#elementor-action%3Aaction%3Dlightbox%26settings%3DeyJpZCI6MzI5NCwidXJsIjoiaHR0cHM6XC9cL3RhbGVudHMua3ZpZmYuY29tXC93cC1jb250ZW50XC91cGxvYWRzXC8yMDI0XC8xMlwvS1ZJRkYtVGFsZXRucy1cdTIwMTMtcmV6aWRlbmNlLTIwMjQtMS5qcGVnIiwic2xpZGVzaG93IjoiMjJmNjJhNCJ9\">\n\t\t\t\t\t<div class=\"e-gallery-image elementor-gallery-item__image\" data-thumbnail=\"https:\/\/talents.kviff.com\/wp-content\/uploads\/2024\/12\/KVIFF-Taletns-\u2013-rezidence-2024-1-1536x1152.jpeg\" data-width=\"1536\" data-height=\"1152\" aria-label=\"\" role=\"img\" ><\/div>\n\t\t\t\t\t\t\t\t\t\t\t<div class=\"elementor-gallery-item__overlay\"><\/div>\n\t\t\t\t\t\t\t\t\t\t\t\t\t\t<\/a>\n\t\t\t\t\t<\/div>\n\t\t\t\t\t<\/div>\n\t\t\t\t<\/div>\n\t\t\t\t\t<\/div>\n\t\t<\/div>\n\t\t\t\t\t<\/div>\n\t\t<\/section>\n\t\t\t\t<\/div>","protected":false},"excerpt":{"rendered":"<p>Take a look back with us at the KVIFF Talents industry presentation held during the Karlovy Vary IFF 2022.<\/p>","protected":false},"author":5,"featured_media":3292,"comment_status":"closed","ping_status":"closed","sticky":false,"template":"","format":"standard","meta":{"footnotes":""},"categories":[1],"tags":[],"class_list":["post-3290","post","type-post","status-publish","format-standard","has-post-thumbnail","hentry","category-nezarazene"],"yoast_head":"<!-- This site is optimized with the Yoast SEO plugin v27.5 - https:\/\/yoast.com\/product\/yoast-seo-wordpress\/ -->\n<title>Tv\u016fr\u010d\u00ed rezidence v Karlov\u00fdch Varech je za n\u00e1mi! | KVIFF TALENTS<\/title>\n<meta name=\"robots\" content=\"index, follow, max-snippet:-1, max-image-preview:large, max-video-preview:-1\" \/>\n<link rel=\"canonical\" href=\"https:\/\/talents.kviff.com\/en\/tvurci-rezidence-v-karlovych-varech-je-za-nami\/\" \/>\n<meta property=\"og:locale\" content=\"en_US\" \/>\n<meta property=\"og:type\" content=\"article\" \/>\n<meta property=\"og:title\" content=\"Tv\u016fr\u010d\u00ed rezidence v Karlov\u00fdch Varech je za n\u00e1mi! | KVIFF TALENTS\" \/>\n<meta property=\"og:description\" content=\"Ohl\u00e9dn\u011bte se s n\u00e1mi za industry prezentac\u00ed KVIFF Talents v r\u00e1mci MFF Karlovy Vary 2022.\" \/>\n<meta property=\"og:url\" content=\"https:\/\/talents.kviff.com\/en\/tvurci-rezidence-v-karlovych-varech-je-za-nami\/\" \/>\n<meta property=\"og:site_name\" content=\"KVIFF TALENTS\" \/>\n<meta property=\"article:publisher\" content=\"https:\/\/www.facebook.com\/KVIFF\" \/>\n<meta property=\"article:published_time\" content=\"2024-12-09T12:14:19+00:00\" \/>\n<meta property=\"article:modified_time\" content=\"2024-12-09T12:21:41+00:00\" \/>\n<meta property=\"og:image\" content=\"https:\/\/talents.kviff.com\/wp-content\/uploads\/2023\/01\/vedouci-oddeleni-industry-hugo-rosak-a-moderatorka-linda-bartosova.jpg\" \/>\n\t<meta property=\"og:image:width\" content=\"1200\" \/>\n\t<meta property=\"og:image:height\" content=\"800\" \/>\n\t<meta property=\"og:image:type\" content=\"image\/jpeg\" \/>\n<meta name=\"author\" content=\"Jakub Knott\" \/>\n<meta name=\"twitter:card\" content=\"summary_large_image\" \/>\n<meta name=\"twitter:image\" content=\"https:\/\/talents.kviff.com\/wp-content\/uploads\/2023\/01\/vedouci-oddeleni-industry-hugo-rosak-a-moderatorka-linda-bartosova.jpg\" \/>\n<meta name=\"twitter:creator\" content=\"@kviff\" \/>\n<meta name=\"twitter:site\" content=\"@kviff\" \/>\n<meta name=\"twitter:label1\" content=\"Written by\" \/>\n\t<meta name=\"twitter:data1\" content=\"Jakub Knott\" \/>\n<script type=\"application\/ld+json\" class=\"yoast-schema-graph\">{\"@context\":\"https:\\\/\\\/schema.org\",\"@graph\":[{\"@type\":\"Article\",\"@id\":\"https:\\\/\\\/talents.kviff.com\\\/tvurci-rezidence-v-karlovych-varech-je-za-nami\\\/#article\",\"isPartOf\":{\"@id\":\"https:\\\/\\\/talents.kviff.com\\\/tvurci-rezidence-v-karlovych-varech-je-za-nami\\\/\"},\"author\":{\"name\":\"Jakub Knott\",\"@id\":\"https:\\\/\\\/talents.kviff.com\\\/#\\\/schema\\\/person\\\/35c78b2e8194a6780182e61df9fe1efe\"},\"headline\":\"Tv\u016fr\u010d\u00ed rezidence v Karlov\u00fdch Varech je za n\u00e1mi!\",\"datePublished\":\"2024-12-09T12:14:19+00:00\",\"dateModified\":\"2024-12-09T12:21:41+00:00\",\"mainEntityOfPage\":{\"@id\":\"https:\\\/\\\/talents.kviff.com\\\/tvurci-rezidence-v-karlovych-varech-je-za-nami\\\/\"},\"wordCount\":11,\"publisher\":{\"@id\":\"https:\\\/\\\/talents.kviff.com\\\/#organization\"},\"image\":{\"@id\":\"https:\\\/\\\/talents.kviff.com\\\/tvurci-rezidence-v-karlovych-varech-je-za-nami\\\/#primaryimage\"},\"thumbnailUrl\":\"https:\\\/\\\/talents.kviff.com\\\/wp-content\\\/uploads\\\/2024\\\/12\\\/KVIFF-Taletns-\u2013-rezidence-2024-2.jpeg\",\"articleSection\":[\"Neza\u0159azen\u00e9\"],\"inLanguage\":\"en-US\"},{\"@type\":\"WebPage\",\"@id\":\"https:\\\/\\\/talents.kviff.com\\\/tvurci-rezidence-v-karlovych-varech-je-za-nami\\\/\",\"url\":\"https:\\\/\\\/talents.kviff.com\\\/tvurci-rezidence-v-karlovych-varech-je-za-nami\\\/\",\"name\":\"Tv\u016fr\u010d\u00ed rezidence v Karlov\u00fdch Varech je za n\u00e1mi! | KVIFF TALENTS\",\"isPartOf\":{\"@id\":\"https:\\\/\\\/talents.kviff.com\\\/#website\"},\"primaryImageOfPage\":{\"@id\":\"https:\\\/\\\/talents.kviff.com\\\/tvurci-rezidence-v-karlovych-varech-je-za-nami\\\/#primaryimage\"},\"image\":{\"@id\":\"https:\\\/\\\/talents.kviff.com\\\/tvurci-rezidence-v-karlovych-varech-je-za-nami\\\/#primaryimage\"},\"thumbnailUrl\":\"https:\\\/\\\/talents.kviff.com\\\/wp-content\\\/uploads\\\/2024\\\/12\\\/KVIFF-Taletns-\u2013-rezidence-2024-2.jpeg\",\"datePublished\":\"2024-12-09T12:14:19+00:00\",\"dateModified\":\"2024-12-09T12:21:41+00:00\",\"breadcrumb\":{\"@id\":\"https:\\\/\\\/talents.kviff.com\\\/tvurci-rezidence-v-karlovych-varech-je-za-nami\\\/#breadcrumb\"},\"inLanguage\":\"en-US\",\"potentialAction\":[{\"@type\":\"ReadAction\",\"target\":[\"https:\\\/\\\/talents.kviff.com\\\/tvurci-rezidence-v-karlovych-varech-je-za-nami\\\/\"]}]},{\"@type\":\"ImageObject\",\"inLanguage\":\"en-US\",\"@id\":\"https:\\\/\\\/talents.kviff.com\\\/tvurci-rezidence-v-karlovych-varech-je-za-nami\\\/#primaryimage\",\"url\":\"https:\\\/\\\/talents.kviff.com\\\/wp-content\\\/uploads\\\/2024\\\/12\\\/KVIFF-Taletns-\u2013-rezidence-2024-2.jpeg\",\"contentUrl\":\"https:\\\/\\\/talents.kviff.com\\\/wp-content\\\/uploads\\\/2024\\\/12\\\/KVIFF-Taletns-\u2013-rezidence-2024-2.jpeg\",\"width\":1600,\"height\":1200},{\"@type\":\"BreadcrumbList\",\"@id\":\"https:\\\/\\\/talents.kviff.com\\\/tvurci-rezidence-v-karlovych-varech-je-za-nami\\\/#breadcrumb\",\"itemListElement\":[{\"@type\":\"ListItem\",\"position\":1,\"name\":\"Dom\u016f\",\"item\":\"https:\\\/\\\/talents.kviff.com\\\/\"},{\"@type\":\"ListItem\",\"position\":2,\"name\":\"Tv\u016fr\u010d\u00ed rezidence v Karlov\u00fdch Varech je za n\u00e1mi!\"}]},{\"@type\":\"WebSite\",\"@id\":\"https:\\\/\\\/talents.kviff.com\\\/#website\",\"url\":\"https:\\\/\\\/talents.kviff.com\\\/\",\"name\":\"KVIFF TALENTS\",\"description\":\"Podporujeme talentovan\u00e9 tv\u016frce a tv\u016frkyn\u011b audiovizu\u00e1ln\u00edch projekt\u016f\",\"publisher\":{\"@id\":\"https:\\\/\\\/talents.kviff.com\\\/#organization\"},\"potentialAction\":[{\"@type\":\"SearchAction\",\"target\":{\"@type\":\"EntryPoint\",\"urlTemplate\":\"https:\\\/\\\/talents.kviff.com\\\/?s={search_term_string}\"},\"query-input\":{\"@type\":\"PropertyValueSpecification\",\"valueRequired\":true,\"valueName\":\"search_term_string\"}}],\"inLanguage\":\"en-US\"},{\"@type\":\"Organization\",\"@id\":\"https:\\\/\\\/talents.kviff.com\\\/#organization\",\"name\":\"KVIFF TALENTS\",\"url\":\"https:\\\/\\\/talents.kviff.com\\\/\",\"logo\":{\"@type\":\"ImageObject\",\"inLanguage\":\"en-US\",\"@id\":\"https:\\\/\\\/talents.kviff.com\\\/#\\\/schema\\\/logo\\\/image\\\/\",\"url\":\"https:\\\/\\\/talents.kviff.com\\\/wp-content\\\/uploads\\\/2023\\\/01\\\/kviff_talents-logo-2023-1A3760.svg\",\"contentUrl\":\"https:\\\/\\\/talents.kviff.com\\\/wp-content\\\/uploads\\\/2023\\\/01\\\/kviff_talents-logo-2023-1A3760.svg\",\"width\":231,\"height\":107,\"caption\":\"KVIFF TALENTS\"},\"image\":{\"@id\":\"https:\\\/\\\/talents.kviff.com\\\/#\\\/schema\\\/logo\\\/image\\\/\"},\"sameAs\":[\"https:\\\/\\\/www.facebook.com\\\/KVIFF\",\"https:\\\/\\\/x.com\\\/kviff\"]},{\"@type\":\"Person\",\"@id\":\"https:\\\/\\\/talents.kviff.com\\\/#\\\/schema\\\/person\\\/35c78b2e8194a6780182e61df9fe1efe\",\"name\":\"Jakub Knott\"}]}<\/script>\n<!-- \/ Yoast SEO plugin. -->","yoast_head_json":{"title":"Tv\u016fr\u010d\u00ed rezidence v Karlov\u00fdch Varech je za n\u00e1mi! | KVIFF TALENTS","robots":{"index":"index","follow":"follow","max-snippet":"max-snippet:-1","max-image-preview":"max-image-preview:large","max-video-preview":"max-video-preview:-1"},"canonical":"https:\/\/talents.kviff.com\/en\/tvurci-rezidence-v-karlovych-varech-je-za-nami\/","og_locale":"en_US","og_type":"article","og_title":"Tv\u016fr\u010d\u00ed rezidence v Karlov\u00fdch Varech je za n\u00e1mi! | KVIFF TALENTS","og_description":"Ohl\u00e9dn\u011bte se s n\u00e1mi za industry prezentac\u00ed KVIFF Talents v r\u00e1mci MFF Karlovy Vary 2022.","og_url":"https:\/\/talents.kviff.com\/en\/tvurci-rezidence-v-karlovych-varech-je-za-nami\/","og_site_name":"KVIFF TALENTS","article_publisher":"https:\/\/www.facebook.com\/KVIFF","article_published_time":"2024-12-09T12:14:19+00:00","article_modified_time":"2024-12-09T12:21:41+00:00","og_image":[{"width":1200,"height":800,"url":"https:\/\/talents.kviff.com\/wp-content\/uploads\/2023\/01\/vedouci-oddeleni-industry-hugo-rosak-a-moderatorka-linda-bartosova.jpg","type":"image\/jpeg"}],"author":"Jakub Knott","twitter_card":"summary_large_image","twitter_image":"https:\/\/talents.kviff.com\/wp-content\/uploads\/2023\/01\/vedouci-oddeleni-industry-hugo-rosak-a-moderatorka-linda-bartosova.jpg","twitter_creator":"@kviff","twitter_site":"@kviff","twitter_misc":{"Written by":"Jakub Knott"},"schema":{"@context":"https:\/\/schema.org","@graph":[{"@type":"Article","@id":"https:\/\/talents.kviff.com\/tvurci-rezidence-v-karlovych-varech-je-za-nami\/#article","isPartOf":{"@id":"https:\/\/talents.kviff.com\/tvurci-rezidence-v-karlovych-varech-je-za-nami\/"},"author":{"name":"Jakub Knott","@id":"https:\/\/talents.kviff.com\/#\/schema\/person\/35c78b2e8194a6780182e61df9fe1efe"},"headline":"Tv\u016fr\u010d\u00ed rezidence v Karlov\u00fdch Varech je za n\u00e1mi!","datePublished":"2024-12-09T12:14:19+00:00","dateModified":"2024-12-09T12:21:41+00:00","mainEntityOfPage":{"@id":"https:\/\/talents.kviff.com\/tvurci-rezidence-v-karlovych-varech-je-za-nami\/"},"wordCount":11,"publisher":{"@id":"https:\/\/talents.kviff.com\/#organization"},"image":{"@id":"https:\/\/talents.kviff.com\/tvurci-rezidence-v-karlovych-varech-je-za-nami\/#primaryimage"},"thumbnailUrl":"https:\/\/talents.kviff.com\/wp-content\/uploads\/2024\/12\/KVIFF-Taletns-\u2013-rezidence-2024-2.jpeg","articleSection":["Neza\u0159azen\u00e9"],"inLanguage":"en-US"},{"@type":"WebPage","@id":"https:\/\/talents.kviff.com\/tvurci-rezidence-v-karlovych-varech-je-za-nami\/","url":"https:\/\/talents.kviff.com\/tvurci-rezidence-v-karlovych-varech-je-za-nami\/","name":"Tv\u016fr\u010d\u00ed rezidence v Karlov\u00fdch Varech je za n\u00e1mi! | KVIFF TALENTS","isPartOf":{"@id":"https:\/\/talents.kviff.com\/#website"},"primaryImageOfPage":{"@id":"https:\/\/talents.kviff.com\/tvurci-rezidence-v-karlovych-varech-je-za-nami\/#primaryimage"},"image":{"@id":"https:\/\/talents.kviff.com\/tvurci-rezidence-v-karlovych-varech-je-za-nami\/#primaryimage"},"thumbnailUrl":"https:\/\/talents.kviff.com\/wp-content\/uploads\/2024\/12\/KVIFF-Taletns-\u2013-rezidence-2024-2.jpeg","datePublished":"2024-12-09T12:14:19+00:00","dateModified":"2024-12-09T12:21:41+00:00","breadcrumb":{"@id":"https:\/\/talents.kviff.com\/tvurci-rezidence-v-karlovych-varech-je-za-nami\/#breadcrumb"},"inLanguage":"en-US","potentialAction":[{"@type":"ReadAction","target":["https:\/\/talents.kviff.com\/tvurci-rezidence-v-karlovych-varech-je-za-nami\/"]}]},{"@type":"ImageObject","inLanguage":"en-US","@id":"https:\/\/talents.kviff.com\/tvurci-rezidence-v-karlovych-varech-je-za-nami\/#primaryimage","url":"https:\/\/talents.kviff.com\/wp-content\/uploads\/2024\/12\/KVIFF-Taletns-\u2013-rezidence-2024-2.jpeg","contentUrl":"https:\/\/talents.kviff.com\/wp-content\/uploads\/2024\/12\/KVIFF-Taletns-\u2013-rezidence-2024-2.jpeg","width":1600,"height":1200},{"@type":"BreadcrumbList","@id":"https:\/\/talents.kviff.com\/tvurci-rezidence-v-karlovych-varech-je-za-nami\/#breadcrumb","itemListElement":[{"@type":"ListItem","position":1,"name":"Dom\u016f","item":"https:\/\/talents.kviff.com\/"},{"@type":"ListItem","position":2,"name":"Tv\u016fr\u010d\u00ed rezidence v Karlov\u00fdch Varech je za n\u00e1mi!"}]},{"@type":"WebSite","@id":"https:\/\/talents.kviff.com\/#website","url":"https:\/\/talents.kviff.com\/","name":"KVIFF TALENTS","description":"Podporujeme talentovan\u00e9 tv\u016frce a tv\u016frkyn\u011b audiovizu\u00e1ln\u00edch projekt\u016f","publisher":{"@id":"https:\/\/talents.kviff.com\/#organization"},"potentialAction":[{"@type":"SearchAction","target":{"@type":"EntryPoint","urlTemplate":"https:\/\/talents.kviff.com\/?s={search_term_string}"},"query-input":{"@type":"PropertyValueSpecification","valueRequired":true,"valueName":"search_term_string"}}],"inLanguage":"en-US"},{"@type":"Organization","@id":"https:\/\/talents.kviff.com\/#organization","name":"KVIFF TALENTS","url":"https:\/\/talents.kviff.com\/","logo":{"@type":"ImageObject","inLanguage":"en-US","@id":"https:\/\/talents.kviff.com\/#\/schema\/logo\/image\/","url":"https:\/\/talents.kviff.com\/wp-content\/uploads\/2023\/01\/kviff_talents-logo-2023-1A3760.svg","contentUrl":"https:\/\/talents.kviff.com\/wp-content\/uploads\/2023\/01\/kviff_talents-logo-2023-1A3760.svg","width":231,"height":107,"caption":"KVIFF TALENTS"},"image":{"@id":"https:\/\/talents.kviff.com\/#\/schema\/logo\/image\/"},"sameAs":["https:\/\/www.facebook.com\/KVIFF","https:\/\/x.com\/kviff"]},{"@type":"Person","@id":"https:\/\/talents.kviff.com\/#\/schema\/person\/35c78b2e8194a6780182e61df9fe1efe","name":"Jakub Knott"}]}},"_links":{"self":[{"href":"https:\/\/talents.kviff.com\/en\/wp-json\/wp\/v2\/posts\/3290","targetHints":{"allow":["GET"]}}],"collection":[{"href":"https:\/\/talents.kviff.com\/en\/wp-json\/wp\/v2\/posts"}],"about":[{"href":"https:\/\/talents.kviff.com\/en\/wp-json\/wp\/v2\/types\/post"}],"author":[{"embeddable":true,"href":"https:\/\/talents.kviff.com\/en\/wp-json\/wp\/v2\/users\/5"}],"replies":[{"embeddable":true,"href":"https:\/\/talents.kviff.com\/en\/wp-json\/wp\/v2\/comments?post=3290"}],"version-history":[{"count":7,"href":"https:\/\/talents.kviff.com\/en\/wp-json\/wp\/v2\/posts\/3290\/revisions"}],"predecessor-version":[{"id":3304,"href":"https:\/\/talents.kviff.com\/en\/wp-json\/wp\/v2\/posts\/3290\/revisions\/3304"}],"wp:featuredmedia":[{"embeddable":true,"href":"https:\/\/talents.kviff.com\/en\/wp-json\/wp\/v2\/media\/3292"}],"wp:attachment":[{"href":"https:\/\/talents.kviff.com\/en\/wp-json\/wp\/v2\/media?parent=3290"}],"wp:term":[{"taxonomy":"category","embeddable":true,"href":"https:\/\/talents.kviff.com\/en\/wp-json\/wp\/v2\/categories?post=3290"},{"taxonomy":"post_tag","embeddable":true,"href":"https:\/\/talents.kviff.com\/en\/wp-json\/wp\/v2\/tags?post=3290"}],"curies":[{"name":"wp","href":"https:\/\/api.w.org\/{rel}","templated":true}]}}