{"id":3381,"date":"2025-03-25T12:46:46","date_gmt":"2025-03-25T11:46:46","guid":{"rendered":"https:\/\/talents.kviff.com\/?p=3381"},"modified":"2025-06-10T10:13:58","modified_gmt":"2025-06-10T08:13:58","slug":"prihlaste-se-do-noveho-rocniku-kviff-talents-2025","status":"publish","type":"post","link":"https:\/\/talents.kviff.com\/en\/prihlaste-se-do-noveho-rocniku-kviff-talents-2025\/","title":{"rendered":"Apply to the Third Edition of KVIFF Talents 2025!"},"content":{"rendered":"<div data-elementor-type=\"wp-post\" data-elementor-id=\"3381\" class=\"elementor elementor-3381\" data-elementor-post-type=\"post\">\n\t\t\t\t<div class=\"elementor-element elementor-element-2f27a3c2 e-flex e-con-boxed e-con e-parent\" data-id=\"2f27a3c2\" data-element_type=\"container\" data-e-type=\"container\">\n\t\t\t\t\t<div class=\"e-con-inner\">\n\t\t\t\t<div class=\"elementor-element elementor-element-4c3312ad elementor-widget elementor-widget-text-editor\" data-id=\"4c3312ad\" data-element_type=\"widget\" data-e-type=\"widget\" data-widget_type=\"text-editor.default\">\n\t\t\t\t<div class=\"elementor-widget-container\">\n\t\t\t\t\t\t\t\t\t\n<p><strong>\u00a0<\/strong><\/p>\n\t\t\t\t\t\t\t\t<\/div>\n\t\t\t\t<\/div>\n\t\t\t\t\t<\/div>\n\t\t\t\t<\/div>\n\t\t<div class=\"elementor-element elementor-element-c66e458 e-flex e-con-boxed e-con e-parent\" data-id=\"c66e458\" data-element_type=\"container\" data-e-type=\"container\">\n\t\t\t\t\t<div class=\"e-con-inner\">\n\t\t\t\t\t<\/div>\n\t\t\t\t<\/div>\n\t\t\t\t<\/div>","protected":false},"excerpt":{"rendered":"<p>Nov\u00fd ro\u010dn\u00edk programu KVIFF Talents 2024 spu\u0161t\u011bn.<\/p>","protected":false},"author":5,"featured_media":3580,"comment_status":"closed","ping_status":"closed","sticky":false,"template":"","format":"standard","meta":{"footnotes":""},"categories":[1],"tags":[],"class_list":["post-3381","post","type-post","status-publish","format-standard","has-post-thumbnail","hentry","category-nezarazene"],"yoast_head":"<!-- This site is optimized with the Yoast SEO plugin v27.2 - https:\/\/yoast.com\/product\/yoast-seo-wordpress\/ -->\n<title>P\u0159ihlaste se do t\u0159et\u00edho ro\u010dn\u00edku programu KVIFF Talents 2025! | KVIFF TALENTS<\/title>\n<meta name=\"robots\" content=\"index, follow, max-snippet:-1, max-image-preview:large, max-video-preview:-1\" \/>\n<link rel=\"canonical\" href=\"https:\/\/talents.kviff.com\/en\/prihlaste-se-do-noveho-rocniku-kviff-talents-2025\/\" \/>\n<meta property=\"og:locale\" content=\"en_US\" \/>\n<meta property=\"og:type\" content=\"article\" \/>\n<meta property=\"og:title\" content=\"P\u0159ihlaste se do t\u0159et\u00edho ro\u010dn\u00edku programu KVIFF Talents 2025! | KVIFF TALENTS\" \/>\n<meta property=\"og:description\" content=\"Nov\u00fd ro\u010dn\u00edk programu KVIFF Talents 2024 spu\u0161t\u011bn.\" \/>\n<meta property=\"og:url\" content=\"https:\/\/talents.kviff.com\/en\/prihlaste-se-do-noveho-rocniku-kviff-talents-2025\/\" \/>\n<meta property=\"og:site_name\" content=\"KVIFF TALENTS\" \/>\n<meta property=\"article:publisher\" content=\"https:\/\/www.facebook.com\/KVIFF\" \/>\n<meta property=\"article:published_time\" content=\"2025-03-25T11:46:46+00:00\" \/>\n<meta property=\"article:modified_time\" content=\"2025-06-10T08:13:58+00:00\" \/>\n<meta property=\"og:image\" content=\"https:\/\/talents.kviff.com\/wp-content\/uploads\/2023\/01\/kviff-talents-2022-novinka-foto1.jpeg\" \/>\n\t<meta property=\"og:image:width\" content=\"1200\" \/>\n\t<meta property=\"og:image:height\" content=\"800\" \/>\n\t<meta property=\"og:image:type\" content=\"image\/jpeg\" \/>\n<meta name=\"author\" content=\"Jakub Knott\" \/>\n<meta name=\"twitter:card\" content=\"summary_large_image\" \/>\n<meta name=\"twitter:image\" content=\"https:\/\/talents.kviff.com\/wp-content\/uploads\/2023\/01\/kviff-talents-2022-novinka-foto1.jpeg\" \/>\n<meta name=\"twitter:creator\" content=\"@kviff\" \/>\n<meta name=\"twitter:site\" content=\"@kviff\" \/>\n<meta name=\"twitter:label1\" content=\"Written by\" \/>\n\t<meta name=\"twitter:data1\" content=\"Jakub Knott\" \/>\n<script type=\"application\/ld+json\" class=\"yoast-schema-graph\">{\"@context\":\"https:\/\/schema.org\",\"@graph\":[{\"@type\":\"Article\",\"@id\":\"https:\/\/talents.kviff.com\/prihlaste-se-do-noveho-rocniku-kviff-talents-2025\/#article\",\"isPartOf\":{\"@id\":\"https:\/\/talents.kviff.com\/prihlaste-se-do-noveho-rocniku-kviff-talents-2025\/\"},\"author\":{\"name\":\"Jakub Knott\",\"@id\":\"https:\/\/talents.kviff.com\/#\/schema\/person\/35c78b2e8194a6780182e61df9fe1efe\"},\"headline\":\"P\u0159ihlaste se do t\u0159et\u00edho ro\u010dn\u00edku programu KVIFF Talents 2025!\",\"datePublished\":\"2025-03-25T11:46:46+00:00\",\"dateModified\":\"2025-06-10T08:13:58+00:00\",\"mainEntityOfPage\":{\"@id\":\"https:\/\/talents.kviff.com\/prihlaste-se-do-noveho-rocniku-kviff-talents-2025\/\"},\"wordCount\":13,\"publisher\":{\"@id\":\"https:\/\/talents.kviff.com\/#organization\"},\"image\":{\"@id\":\"https:\/\/talents.kviff.com\/prihlaste-se-do-noveho-rocniku-kviff-talents-2025\/#primaryimage\"},\"thumbnailUrl\":\"https:\/\/talents.kviff.com\/wp-content\/uploads\/2025\/03\/KVIFF-TALENTS_LOGO_WEB_5-3-grey3.jpg\",\"articleSection\":[\"Neza\u0159azen\u00e9\"],\"inLanguage\":\"en-US\"},{\"@type\":\"WebPage\",\"@id\":\"https:\/\/talents.kviff.com\/prihlaste-se-do-noveho-rocniku-kviff-talents-2025\/\",\"url\":\"https:\/\/talents.kviff.com\/prihlaste-se-do-noveho-rocniku-kviff-talents-2025\/\",\"name\":\"P\u0159ihlaste se do t\u0159et\u00edho ro\u010dn\u00edku programu KVIFF Talents 2025! | KVIFF TALENTS\",\"isPartOf\":{\"@id\":\"https:\/\/talents.kviff.com\/#website\"},\"primaryImageOfPage\":{\"@id\":\"https:\/\/talents.kviff.com\/prihlaste-se-do-noveho-rocniku-kviff-talents-2025\/#primaryimage\"},\"image\":{\"@id\":\"https:\/\/talents.kviff.com\/prihlaste-se-do-noveho-rocniku-kviff-talents-2025\/#primaryimage\"},\"thumbnailUrl\":\"https:\/\/talents.kviff.com\/wp-content\/uploads\/2025\/03\/KVIFF-TALENTS_LOGO_WEB_5-3-grey3.jpg\",\"datePublished\":\"2025-03-25T11:46:46+00:00\",\"dateModified\":\"2025-06-10T08:13:58+00:00\",\"breadcrumb\":{\"@id\":\"https:\/\/talents.kviff.com\/prihlaste-se-do-noveho-rocniku-kviff-talents-2025\/#breadcrumb\"},\"inLanguage\":\"en-US\",\"potentialAction\":[{\"@type\":\"ReadAction\",\"target\":[\"https:\/\/talents.kviff.com\/prihlaste-se-do-noveho-rocniku-kviff-talents-2025\/\"]}]},{\"@type\":\"ImageObject\",\"inLanguage\":\"en-US\",\"@id\":\"https:\/\/talents.kviff.com\/prihlaste-se-do-noveho-rocniku-kviff-talents-2025\/#primaryimage\",\"url\":\"https:\/\/talents.kviff.com\/wp-content\/uploads\/2025\/03\/KVIFF-TALENTS_LOGO_WEB_5-3-grey3.jpg\",\"contentUrl\":\"https:\/\/talents.kviff.com\/wp-content\/uploads\/2025\/03\/KVIFF-TALENTS_LOGO_WEB_5-3-grey3.jpg\",\"width\":1200,\"height\":720},{\"@type\":\"BreadcrumbList\",\"@id\":\"https:\/\/talents.kviff.com\/prihlaste-se-do-noveho-rocniku-kviff-talents-2025\/#breadcrumb\",\"itemListElement\":[{\"@type\":\"ListItem\",\"position\":1,\"name\":\"Dom\u016f\",\"item\":\"https:\/\/talents.kviff.com\/\"},{\"@type\":\"ListItem\",\"position\":2,\"name\":\"P\u0159ihlaste se do t\u0159et\u00edho ro\u010dn\u00edku programu KVIFF Talents 2025!\"}]},{\"@type\":\"WebSite\",\"@id\":\"https:\/\/talents.kviff.com\/#website\",\"url\":\"https:\/\/talents.kviff.com\/\",\"name\":\"KVIFF TALENTS\",\"description\":\"Podporujeme talentovan\u00e9 tv\u016frce a tv\u016frkyn\u011b audiovizu\u00e1ln\u00edch projekt\u016f\",\"publisher\":{\"@id\":\"https:\/\/talents.kviff.com\/#organization\"},\"potentialAction\":[{\"@type\":\"SearchAction\",\"target\":{\"@type\":\"EntryPoint\",\"urlTemplate\":\"https:\/\/talents.kviff.com\/?s={search_term_string}\"},\"query-input\":{\"@type\":\"PropertyValueSpecification\",\"valueRequired\":true,\"valueName\":\"search_term_string\"}}],\"inLanguage\":\"en-US\"},{\"@type\":\"Organization\",\"@id\":\"https:\/\/talents.kviff.com\/#organization\",\"name\":\"KVIFF TALENTS\",\"url\":\"https:\/\/talents.kviff.com\/\",\"logo\":{\"@type\":\"ImageObject\",\"inLanguage\":\"en-US\",\"@id\":\"https:\/\/talents.kviff.com\/#\/schema\/logo\/image\/\",\"url\":\"https:\/\/talents.kviff.com\/wp-content\/uploads\/2023\/01\/kviff_talents-logo-2023-1A3760.svg\",\"contentUrl\":\"https:\/\/talents.kviff.com\/wp-content\/uploads\/2023\/01\/kviff_talents-logo-2023-1A3760.svg\",\"width\":231,\"height\":107,\"caption\":\"KVIFF TALENTS\"},\"image\":{\"@id\":\"https:\/\/talents.kviff.com\/#\/schema\/logo\/image\/\"},\"sameAs\":[\"https:\/\/www.facebook.com\/KVIFF\",\"https:\/\/x.com\/kviff\"]},{\"@type\":\"Person\",\"@id\":\"https:\/\/talents.kviff.com\/#\/schema\/person\/35c78b2e8194a6780182e61df9fe1efe\",\"name\":\"Jakub Knott\"}]}<\/script>\n<!-- \/ Yoast SEO plugin. -->","yoast_head_json":{"title":"P\u0159ihlaste se do t\u0159et\u00edho ro\u010dn\u00edku programu KVIFF Talents 2025! | KVIFF TALENTS","robots":{"index":"index","follow":"follow","max-snippet":"max-snippet:-1","max-image-preview":"max-image-preview:large","max-video-preview":"max-video-preview:-1"},"canonical":"https:\/\/talents.kviff.com\/en\/prihlaste-se-do-noveho-rocniku-kviff-talents-2025\/","og_locale":"en_US","og_type":"article","og_title":"P\u0159ihlaste se do t\u0159et\u00edho ro\u010dn\u00edku programu KVIFF Talents 2025! | KVIFF TALENTS","og_description":"Nov\u00fd ro\u010dn\u00edk programu KVIFF Talents 2024 spu\u0161t\u011bn.","og_url":"https:\/\/talents.kviff.com\/en\/prihlaste-se-do-noveho-rocniku-kviff-talents-2025\/","og_site_name":"KVIFF TALENTS","article_publisher":"https:\/\/www.facebook.com\/KVIFF","article_published_time":"2025-03-25T11:46:46+00:00","article_modified_time":"2025-06-10T08:13:58+00:00","og_image":[{"width":1200,"height":800,"url":"https:\/\/talents.kviff.com\/wp-content\/uploads\/2023\/01\/kviff-talents-2022-novinka-foto1.jpeg","type":"image\/jpeg"}],"author":"Jakub Knott","twitter_card":"summary_large_image","twitter_image":"https:\/\/talents.kviff.com\/wp-content\/uploads\/2023\/01\/kviff-talents-2022-novinka-foto1.jpeg","twitter_creator":"@kviff","twitter_site":"@kviff","twitter_misc":{"Written by":"Jakub Knott"},"schema":{"@context":"https:\/\/schema.org","@graph":[{"@type":"Article","@id":"https:\/\/talents.kviff.com\/prihlaste-se-do-noveho-rocniku-kviff-talents-2025\/#article","isPartOf":{"@id":"https:\/\/talents.kviff.com\/prihlaste-se-do-noveho-rocniku-kviff-talents-2025\/"},"author":{"name":"Jakub Knott","@id":"https:\/\/talents.kviff.com\/#\/schema\/person\/35c78b2e8194a6780182e61df9fe1efe"},"headline":"P\u0159ihlaste se do t\u0159et\u00edho ro\u010dn\u00edku programu KVIFF Talents 2025!","datePublished":"2025-03-25T11:46:46+00:00","dateModified":"2025-06-10T08:13:58+00:00","mainEntityOfPage":{"@id":"https:\/\/talents.kviff.com\/prihlaste-se-do-noveho-rocniku-kviff-talents-2025\/"},"wordCount":13,"publisher":{"@id":"https:\/\/talents.kviff.com\/#organization"},"image":{"@id":"https:\/\/talents.kviff.com\/prihlaste-se-do-noveho-rocniku-kviff-talents-2025\/#primaryimage"},"thumbnailUrl":"https:\/\/talents.kviff.com\/wp-content\/uploads\/2025\/03\/KVIFF-TALENTS_LOGO_WEB_5-3-grey3.jpg","articleSection":["Neza\u0159azen\u00e9"],"inLanguage":"en-US"},{"@type":"WebPage","@id":"https:\/\/talents.kviff.com\/prihlaste-se-do-noveho-rocniku-kviff-talents-2025\/","url":"https:\/\/talents.kviff.com\/prihlaste-se-do-noveho-rocniku-kviff-talents-2025\/","name":"P\u0159ihlaste se do t\u0159et\u00edho ro\u010dn\u00edku programu KVIFF Talents 2025! | KVIFF TALENTS","isPartOf":{"@id":"https:\/\/talents.kviff.com\/#website"},"primaryImageOfPage":{"@id":"https:\/\/talents.kviff.com\/prihlaste-se-do-noveho-rocniku-kviff-talents-2025\/#primaryimage"},"image":{"@id":"https:\/\/talents.kviff.com\/prihlaste-se-do-noveho-rocniku-kviff-talents-2025\/#primaryimage"},"thumbnailUrl":"https:\/\/talents.kviff.com\/wp-content\/uploads\/2025\/03\/KVIFF-TALENTS_LOGO_WEB_5-3-grey3.jpg","datePublished":"2025-03-25T11:46:46+00:00","dateModified":"2025-06-10T08:13:58+00:00","breadcrumb":{"@id":"https:\/\/talents.kviff.com\/prihlaste-se-do-noveho-rocniku-kviff-talents-2025\/#breadcrumb"},"inLanguage":"en-US","potentialAction":[{"@type":"ReadAction","target":["https:\/\/talents.kviff.com\/prihlaste-se-do-noveho-rocniku-kviff-talents-2025\/"]}]},{"@type":"ImageObject","inLanguage":"en-US","@id":"https:\/\/talents.kviff.com\/prihlaste-se-do-noveho-rocniku-kviff-talents-2025\/#primaryimage","url":"https:\/\/talents.kviff.com\/wp-content\/uploads\/2025\/03\/KVIFF-TALENTS_LOGO_WEB_5-3-grey3.jpg","contentUrl":"https:\/\/talents.kviff.com\/wp-content\/uploads\/2025\/03\/KVIFF-TALENTS_LOGO_WEB_5-3-grey3.jpg","width":1200,"height":720},{"@type":"BreadcrumbList","@id":"https:\/\/talents.kviff.com\/prihlaste-se-do-noveho-rocniku-kviff-talents-2025\/#breadcrumb","itemListElement":[{"@type":"ListItem","position":1,"name":"Dom\u016f","item":"https:\/\/talents.kviff.com\/"},{"@type":"ListItem","position":2,"name":"P\u0159ihlaste se do t\u0159et\u00edho ro\u010dn\u00edku programu KVIFF Talents 2025!"}]},{"@type":"WebSite","@id":"https:\/\/talents.kviff.com\/#website","url":"https:\/\/talents.kviff.com\/","name":"KVIFF TALENTS","description":"Podporujeme talentovan\u00e9 tv\u016frce a tv\u016frkyn\u011b audiovizu\u00e1ln\u00edch projekt\u016f","publisher":{"@id":"https:\/\/talents.kviff.com\/#organization"},"potentialAction":[{"@type":"SearchAction","target":{"@type":"EntryPoint","urlTemplate":"https:\/\/talents.kviff.com\/?s={search_term_string}"},"query-input":{"@type":"PropertyValueSpecification","valueRequired":true,"valueName":"search_term_string"}}],"inLanguage":"en-US"},{"@type":"Organization","@id":"https:\/\/talents.kviff.com\/#organization","name":"KVIFF TALENTS","url":"https:\/\/talents.kviff.com\/","logo":{"@type":"ImageObject","inLanguage":"en-US","@id":"https:\/\/talents.kviff.com\/#\/schema\/logo\/image\/","url":"https:\/\/talents.kviff.com\/wp-content\/uploads\/2023\/01\/kviff_talents-logo-2023-1A3760.svg","contentUrl":"https:\/\/talents.kviff.com\/wp-content\/uploads\/2023\/01\/kviff_talents-logo-2023-1A3760.svg","width":231,"height":107,"caption":"KVIFF TALENTS"},"image":{"@id":"https:\/\/talents.kviff.com\/#\/schema\/logo\/image\/"},"sameAs":["https:\/\/www.facebook.com\/KVIFF","https:\/\/x.com\/kviff"]},{"@type":"Person","@id":"https:\/\/talents.kviff.com\/#\/schema\/person\/35c78b2e8194a6780182e61df9fe1efe","name":"Jakub Knott"}]}},"_links":{"self":[{"href":"https:\/\/talents.kviff.com\/en\/wp-json\/wp\/v2\/posts\/3381","targetHints":{"allow":["GET"]}}],"collection":[{"href":"https:\/\/talents.kviff.com\/en\/wp-json\/wp\/v2\/posts"}],"about":[{"href":"https:\/\/talents.kviff.com\/en\/wp-json\/wp\/v2\/types\/post"}],"author":[{"embeddable":true,"href":"https:\/\/talents.kviff.com\/en\/wp-json\/wp\/v2\/users\/5"}],"replies":[{"embeddable":true,"href":"https:\/\/talents.kviff.com\/en\/wp-json\/wp\/v2\/comments?post=3381"}],"version-history":[{"count":4,"href":"https:\/\/talents.kviff.com\/en\/wp-json\/wp\/v2\/posts\/3381\/revisions"}],"predecessor-version":[{"id":3385,"href":"https:\/\/talents.kviff.com\/en\/wp-json\/wp\/v2\/posts\/3381\/revisions\/3385"}],"wp:featuredmedia":[{"embeddable":true,"href":"https:\/\/talents.kviff.com\/en\/wp-json\/wp\/v2\/media\/3580"}],"wp:attachment":[{"href":"https:\/\/talents.kviff.com\/en\/wp-json\/wp\/v2\/media?parent=3381"}],"wp:term":[{"taxonomy":"category","embeddable":true,"href":"https:\/\/talents.kviff.com\/en\/wp-json\/wp\/v2\/categories?post=3381"},{"taxonomy":"post_tag","embeddable":true,"href":"https:\/\/talents.kviff.com\/en\/wp-json\/wp\/v2\/tags?post=3381"}],"curies":[{"name":"wp","href":"https:\/\/api.w.org\/{rel}","templated":true}]}}