{"id":747,"date":"2022-07-11T11:07:00","date_gmt":"2022-07-11T09:07:00","guid":{"rendered":"https:\/\/talents.kviff.com\/?p=747"},"modified":"2023-02-24T20:20:45","modified_gmt":"2023-02-24T19:20:45","slug":"prezentace-kviff-talents-na-konferenci-creative-czechia","status":"publish","type":"post","link":"https:\/\/talents.kviff.com\/en\/prezentace-kviff-talents-na-konferenci-creative-czechia\/","title":{"rendered":"KVIFF Talents Presentation at the Creative Czechia Conference"},"content":{"rendered":"<div data-elementor-type=\"wp-post\" data-elementor-id=\"747\" class=\"elementor elementor-747\" data-elementor-post-type=\"post\">\n\t\t\t\t<div class=\"elementor-element elementor-element-0a49fd8 e-flex e-con-boxed e-con e-parent\" data-id=\"0a49fd8\" data-element_type=\"container\" data-e-type=\"container\">\n\t\t\t\t\t<div class=\"e-con-inner\">\n\t\t\t\t<div class=\"elementor-element elementor-element-5ccf1de elementor-widget elementor-widget-html\" data-id=\"5ccf1de\" data-element_type=\"widget\" data-e-type=\"widget\" data-widget_type=\"html.default\">\n\t\t\t\t<div class=\"elementor-widget-container\">\n\t\t\t\t\t<div style=\"height:0;display:block;overflow:hidden;position:relative;padding-bottom:56.25%\"><iframe frameborder=\"0\" allowfullscreen style=\"top:0;left:0;border:0;bottom:0;width:100%;height:100%;position:absolute\" src=\"https:\/\/kviff.tv\/embed\/video\/1558-predstaveni-kviff-talents-2022\/cs\"><\/iframe><\/div>\t\t\t\t<\/div>\n\t\t\t\t<\/div>\n\t\t\t\t<div class=\"elementor-element elementor-element-5fc2ac0 elementor-hidden-desktop elementor-hidden-tablet_extra elementor-hidden-tablet elementor-widget elementor-widget-image\" data-id=\"5fc2ac0\" data-element_type=\"widget\" data-e-type=\"widget\" data-widget_type=\"image.default\">\n\t\t\t\t<div class=\"elementor-widget-container\">\n\t\t\t\t\t\t\t\t\t\t\t\t\t\t\t<img fetchpriority=\"high\" decoding=\"async\" width=\"1484\" height=\"834\" src=\"https:\/\/talents.kviff.com\/wp-content\/uploads\/2022\/07\/video-embed-pozadi.png\" class=\"attachment-full size-full wp-image-2651\" alt=\"\" srcset=\"https:\/\/talents.kviff.com\/wp-content\/uploads\/2022\/07\/video-embed-pozadi.png 1484w, https:\/\/talents.kviff.com\/wp-content\/uploads\/2022\/07\/video-embed-pozadi-300x169.png 300w, https:\/\/talents.kviff.com\/wp-content\/uploads\/2022\/07\/video-embed-pozadi-1024x575.png 1024w, https:\/\/talents.kviff.com\/wp-content\/uploads\/2022\/07\/video-embed-pozadi-768x432.png 768w\" sizes=\"(max-width: 1484px) 100vw, 1484px\" \/>\t\t\t\t\t\t\t\t\t\t\t\t\t\t\t<\/div>\n\t\t\t\t<\/div>\n\t\t\t\t\t<\/div>\n\t\t\t\t<\/div>\n\t\t\t\t<\/div>","protected":false},"excerpt":{"rendered":"<p>Prezentace jeden\u00e1cti projekt\u016f pilotn\u00edho ro\u010dn\u00edku KVIFF Talents. <\/p>","protected":false},"author":3,"featured_media":748,"comment_status":"closed","ping_status":"closed","sticky":false,"template":"","format":"standard","meta":{"footnotes":""},"categories":[1],"tags":[],"class_list":["post-747","post","type-post","status-publish","format-standard","has-post-thumbnail","hentry","category-nezarazene"],"yoast_head":"<!-- This site is optimized with the Yoast SEO plugin v27.2 - https:\/\/yoast.com\/product\/yoast-seo-wordpress\/ -->\n<title>Prezentace KVIFF Talents na konferenci Creative Czechia | KVIFF TALENTS<\/title>\n<meta name=\"robots\" content=\"index, follow, max-snippet:-1, max-image-preview:large, max-video-preview:-1\" \/>\n<link rel=\"canonical\" href=\"https:\/\/talents.kviff.com\/en\/prezentace-kviff-talents-na-konferenci-creative-czechia\/\" \/>\n<meta property=\"og:locale\" content=\"en_US\" \/>\n<meta property=\"og:type\" content=\"article\" \/>\n<meta property=\"og:title\" content=\"Prezentace KVIFF Talents na konferenci Creative Czechia | KVIFF TALENTS\" \/>\n<meta property=\"og:description\" content=\"Prezentace jeden\u00e1cti projekt\u016f pilotn\u00edho ro\u010dn\u00edku KVIFF Talents.\" \/>\n<meta property=\"og:url\" content=\"https:\/\/talents.kviff.com\/en\/prezentace-kviff-talents-na-konferenci-creative-czechia\/\" \/>\n<meta property=\"og:site_name\" content=\"KVIFF TALENTS\" \/>\n<meta property=\"article:publisher\" content=\"https:\/\/www.facebook.com\/KVIFF\" \/>\n<meta property=\"article:published_time\" content=\"2022-07-11T09:07:00+00:00\" \/>\n<meta property=\"article:modified_time\" content=\"2023-02-24T19:20:45+00:00\" \/>\n<meta property=\"og:image\" content=\"https:\/\/talents.kviff.com\/wp-content\/uploads\/2023\/01\/choreograf-yemi-ad-vykonny-reditel-krystof-mucha-a-vedouci-oddeleni-industry-hugo-rosak.jpeg\" \/>\n\t<meta property=\"og:image:width\" content=\"1199\" \/>\n\t<meta property=\"og:image:height\" content=\"800\" \/>\n\t<meta property=\"og:image:type\" content=\"image\/jpeg\" \/>\n<meta name=\"author\" content=\"dh\" \/>\n<meta name=\"twitter:card\" content=\"summary_large_image\" \/>\n<meta name=\"twitter:image\" content=\"https:\/\/talents.kviff.com\/wp-content\/uploads\/2023\/01\/choreograf-yemi-ad-vykonny-reditel-krystof-mucha-a-vedouci-oddeleni-industry-hugo-rosak.jpeg\" \/>\n<meta name=\"twitter:creator\" content=\"@kviff\" \/>\n<meta name=\"twitter:site\" content=\"@kviff\" \/>\n<meta name=\"twitter:label1\" content=\"Written by\" \/>\n\t<meta name=\"twitter:data1\" content=\"dh\" \/>\n<script type=\"application\/ld+json\" class=\"yoast-schema-graph\">{\"@context\":\"https:\/\/schema.org\",\"@graph\":[{\"@type\":\"Article\",\"@id\":\"https:\/\/talents.kviff.com\/prezentace-kviff-talents-na-konferenci-creative-czechia\/#article\",\"isPartOf\":{\"@id\":\"https:\/\/talents.kviff.com\/prezentace-kviff-talents-na-konferenci-creative-czechia\/\"},\"author\":{\"name\":\"dh\",\"@id\":\"https:\/\/talents.kviff.com\/#\/schema\/person\/44dd4a846f0ec05600deab7e53589b12\"},\"headline\":\"Prezentace KVIFF Talents na konferenci Creative Czechia\",\"datePublished\":\"2022-07-11T09:07:00+00:00\",\"dateModified\":\"2023-02-24T19:20:45+00:00\",\"mainEntityOfPage\":{\"@id\":\"https:\/\/talents.kviff.com\/prezentace-kviff-talents-na-konferenci-creative-czechia\/\"},\"wordCount\":7,\"publisher\":{\"@id\":\"https:\/\/talents.kviff.com\/#organization\"},\"image\":{\"@id\":\"https:\/\/talents.kviff.com\/prezentace-kviff-talents-na-konferenci-creative-czechia\/#primaryimage\"},\"thumbnailUrl\":\"https:\/\/talents.kviff.com\/wp-content\/uploads\/2023\/01\/choreograf-yemi-ad-vykonny-reditel-krystof-mucha-a-vedouci-oddeleni-industry-hugo-rosak.jpeg\",\"articleSection\":[\"Neza\u0159azen\u00e9\"],\"inLanguage\":\"en-US\"},{\"@type\":\"WebPage\",\"@id\":\"https:\/\/talents.kviff.com\/prezentace-kviff-talents-na-konferenci-creative-czechia\/\",\"url\":\"https:\/\/talents.kviff.com\/prezentace-kviff-talents-na-konferenci-creative-czechia\/\",\"name\":\"Prezentace KVIFF Talents na konferenci Creative Czechia | KVIFF TALENTS\",\"isPartOf\":{\"@id\":\"https:\/\/talents.kviff.com\/#website\"},\"primaryImageOfPage\":{\"@id\":\"https:\/\/talents.kviff.com\/prezentace-kviff-talents-na-konferenci-creative-czechia\/#primaryimage\"},\"image\":{\"@id\":\"https:\/\/talents.kviff.com\/prezentace-kviff-talents-na-konferenci-creative-czechia\/#primaryimage\"},\"thumbnailUrl\":\"https:\/\/talents.kviff.com\/wp-content\/uploads\/2023\/01\/choreograf-yemi-ad-vykonny-reditel-krystof-mucha-a-vedouci-oddeleni-industry-hugo-rosak.jpeg\",\"datePublished\":\"2022-07-11T09:07:00+00:00\",\"dateModified\":\"2023-02-24T19:20:45+00:00\",\"breadcrumb\":{\"@id\":\"https:\/\/talents.kviff.com\/prezentace-kviff-talents-na-konferenci-creative-czechia\/#breadcrumb\"},\"inLanguage\":\"en-US\",\"potentialAction\":[{\"@type\":\"ReadAction\",\"target\":[\"https:\/\/talents.kviff.com\/prezentace-kviff-talents-na-konferenci-creative-czechia\/\"]}]},{\"@type\":\"ImageObject\",\"inLanguage\":\"en-US\",\"@id\":\"https:\/\/talents.kviff.com\/prezentace-kviff-talents-na-konferenci-creative-czechia\/#primaryimage\",\"url\":\"https:\/\/talents.kviff.com\/wp-content\/uploads\/2023\/01\/choreograf-yemi-ad-vykonny-reditel-krystof-mucha-a-vedouci-oddeleni-industry-hugo-rosak.jpeg\",\"contentUrl\":\"https:\/\/talents.kviff.com\/wp-content\/uploads\/2023\/01\/choreograf-yemi-ad-vykonny-reditel-krystof-mucha-a-vedouci-oddeleni-industry-hugo-rosak.jpeg\",\"width\":1199,\"height\":800},{\"@type\":\"BreadcrumbList\",\"@id\":\"https:\/\/talents.kviff.com\/prezentace-kviff-talents-na-konferenci-creative-czechia\/#breadcrumb\",\"itemListElement\":[{\"@type\":\"ListItem\",\"position\":1,\"name\":\"Dom\u016f\",\"item\":\"https:\/\/talents.kviff.com\/\"},{\"@type\":\"ListItem\",\"position\":2,\"name\":\"Prezentace KVIFF Talents na konferenci Creative Czechia\"}]},{\"@type\":\"WebSite\",\"@id\":\"https:\/\/talents.kviff.com\/#website\",\"url\":\"https:\/\/talents.kviff.com\/\",\"name\":\"KVIFF TALENTS\",\"description\":\"Podporujeme talentovan\u00e9 tv\u016frce a tv\u016frkyn\u011b audiovizu\u00e1ln\u00edch projekt\u016f\",\"publisher\":{\"@id\":\"https:\/\/talents.kviff.com\/#organization\"},\"potentialAction\":[{\"@type\":\"SearchAction\",\"target\":{\"@type\":\"EntryPoint\",\"urlTemplate\":\"https:\/\/talents.kviff.com\/?s={search_term_string}\"},\"query-input\":{\"@type\":\"PropertyValueSpecification\",\"valueRequired\":true,\"valueName\":\"search_term_string\"}}],\"inLanguage\":\"en-US\"},{\"@type\":\"Organization\",\"@id\":\"https:\/\/talents.kviff.com\/#organization\",\"name\":\"KVIFF TALENTS\",\"url\":\"https:\/\/talents.kviff.com\/\",\"logo\":{\"@type\":\"ImageObject\",\"inLanguage\":\"en-US\",\"@id\":\"https:\/\/talents.kviff.com\/#\/schema\/logo\/image\/\",\"url\":\"https:\/\/talents.kviff.com\/wp-content\/uploads\/2023\/01\/kviff_talents-logo-2023-1A3760.svg\",\"contentUrl\":\"https:\/\/talents.kviff.com\/wp-content\/uploads\/2023\/01\/kviff_talents-logo-2023-1A3760.svg\",\"width\":231,\"height\":107,\"caption\":\"KVIFF TALENTS\"},\"image\":{\"@id\":\"https:\/\/talents.kviff.com\/#\/schema\/logo\/image\/\"},\"sameAs\":[\"https:\/\/www.facebook.com\/KVIFF\",\"https:\/\/x.com\/kviff\"]},{\"@type\":\"Person\",\"@id\":\"https:\/\/talents.kviff.com\/#\/schema\/person\/44dd4a846f0ec05600deab7e53589b12\",\"name\":\"dh\"}]}<\/script>\n<!-- \/ Yoast SEO plugin. -->","yoast_head_json":{"title":"Prezentace KVIFF Talents na konferenci Creative Czechia | KVIFF TALENTS","robots":{"index":"index","follow":"follow","max-snippet":"max-snippet:-1","max-image-preview":"max-image-preview:large","max-video-preview":"max-video-preview:-1"},"canonical":"https:\/\/talents.kviff.com\/en\/prezentace-kviff-talents-na-konferenci-creative-czechia\/","og_locale":"en_US","og_type":"article","og_title":"Prezentace KVIFF Talents na konferenci Creative Czechia | KVIFF TALENTS","og_description":"Prezentace jeden\u00e1cti projekt\u016f pilotn\u00edho ro\u010dn\u00edku KVIFF Talents.","og_url":"https:\/\/talents.kviff.com\/en\/prezentace-kviff-talents-na-konferenci-creative-czechia\/","og_site_name":"KVIFF TALENTS","article_publisher":"https:\/\/www.facebook.com\/KVIFF","article_published_time":"2022-07-11T09:07:00+00:00","article_modified_time":"2023-02-24T19:20:45+00:00","og_image":[{"width":1199,"height":800,"url":"https:\/\/talents.kviff.com\/wp-content\/uploads\/2023\/01\/choreograf-yemi-ad-vykonny-reditel-krystof-mucha-a-vedouci-oddeleni-industry-hugo-rosak.jpeg","type":"image\/jpeg"}],"author":"dh","twitter_card":"summary_large_image","twitter_image":"https:\/\/talents.kviff.com\/wp-content\/uploads\/2023\/01\/choreograf-yemi-ad-vykonny-reditel-krystof-mucha-a-vedouci-oddeleni-industry-hugo-rosak.jpeg","twitter_creator":"@kviff","twitter_site":"@kviff","twitter_misc":{"Written by":"dh"},"schema":{"@context":"https:\/\/schema.org","@graph":[{"@type":"Article","@id":"https:\/\/talents.kviff.com\/prezentace-kviff-talents-na-konferenci-creative-czechia\/#article","isPartOf":{"@id":"https:\/\/talents.kviff.com\/prezentace-kviff-talents-na-konferenci-creative-czechia\/"},"author":{"name":"dh","@id":"https:\/\/talents.kviff.com\/#\/schema\/person\/44dd4a846f0ec05600deab7e53589b12"},"headline":"Prezentace KVIFF Talents na konferenci Creative Czechia","datePublished":"2022-07-11T09:07:00+00:00","dateModified":"2023-02-24T19:20:45+00:00","mainEntityOfPage":{"@id":"https:\/\/talents.kviff.com\/prezentace-kviff-talents-na-konferenci-creative-czechia\/"},"wordCount":7,"publisher":{"@id":"https:\/\/talents.kviff.com\/#organization"},"image":{"@id":"https:\/\/talents.kviff.com\/prezentace-kviff-talents-na-konferenci-creative-czechia\/#primaryimage"},"thumbnailUrl":"https:\/\/talents.kviff.com\/wp-content\/uploads\/2023\/01\/choreograf-yemi-ad-vykonny-reditel-krystof-mucha-a-vedouci-oddeleni-industry-hugo-rosak.jpeg","articleSection":["Neza\u0159azen\u00e9"],"inLanguage":"en-US"},{"@type":"WebPage","@id":"https:\/\/talents.kviff.com\/prezentace-kviff-talents-na-konferenci-creative-czechia\/","url":"https:\/\/talents.kviff.com\/prezentace-kviff-talents-na-konferenci-creative-czechia\/","name":"Prezentace KVIFF Talents na konferenci Creative Czechia | KVIFF TALENTS","isPartOf":{"@id":"https:\/\/talents.kviff.com\/#website"},"primaryImageOfPage":{"@id":"https:\/\/talents.kviff.com\/prezentace-kviff-talents-na-konferenci-creative-czechia\/#primaryimage"},"image":{"@id":"https:\/\/talents.kviff.com\/prezentace-kviff-talents-na-konferenci-creative-czechia\/#primaryimage"},"thumbnailUrl":"https:\/\/talents.kviff.com\/wp-content\/uploads\/2023\/01\/choreograf-yemi-ad-vykonny-reditel-krystof-mucha-a-vedouci-oddeleni-industry-hugo-rosak.jpeg","datePublished":"2022-07-11T09:07:00+00:00","dateModified":"2023-02-24T19:20:45+00:00","breadcrumb":{"@id":"https:\/\/talents.kviff.com\/prezentace-kviff-talents-na-konferenci-creative-czechia\/#breadcrumb"},"inLanguage":"en-US","potentialAction":[{"@type":"ReadAction","target":["https:\/\/talents.kviff.com\/prezentace-kviff-talents-na-konferenci-creative-czechia\/"]}]},{"@type":"ImageObject","inLanguage":"en-US","@id":"https:\/\/talents.kviff.com\/prezentace-kviff-talents-na-konferenci-creative-czechia\/#primaryimage","url":"https:\/\/talents.kviff.com\/wp-content\/uploads\/2023\/01\/choreograf-yemi-ad-vykonny-reditel-krystof-mucha-a-vedouci-oddeleni-industry-hugo-rosak.jpeg","contentUrl":"https:\/\/talents.kviff.com\/wp-content\/uploads\/2023\/01\/choreograf-yemi-ad-vykonny-reditel-krystof-mucha-a-vedouci-oddeleni-industry-hugo-rosak.jpeg","width":1199,"height":800},{"@type":"BreadcrumbList","@id":"https:\/\/talents.kviff.com\/prezentace-kviff-talents-na-konferenci-creative-czechia\/#breadcrumb","itemListElement":[{"@type":"ListItem","position":1,"name":"Dom\u016f","item":"https:\/\/talents.kviff.com\/"},{"@type":"ListItem","position":2,"name":"Prezentace KVIFF Talents na konferenci Creative Czechia"}]},{"@type":"WebSite","@id":"https:\/\/talents.kviff.com\/#website","url":"https:\/\/talents.kviff.com\/","name":"KVIFF TALENTS","description":"Podporujeme talentovan\u00e9 tv\u016frce a tv\u016frkyn\u011b audiovizu\u00e1ln\u00edch projekt\u016f","publisher":{"@id":"https:\/\/talents.kviff.com\/#organization"},"potentialAction":[{"@type":"SearchAction","target":{"@type":"EntryPoint","urlTemplate":"https:\/\/talents.kviff.com\/?s={search_term_string}"},"query-input":{"@type":"PropertyValueSpecification","valueRequired":true,"valueName":"search_term_string"}}],"inLanguage":"en-US"},{"@type":"Organization","@id":"https:\/\/talents.kviff.com\/#organization","name":"KVIFF TALENTS","url":"https:\/\/talents.kviff.com\/","logo":{"@type":"ImageObject","inLanguage":"en-US","@id":"https:\/\/talents.kviff.com\/#\/schema\/logo\/image\/","url":"https:\/\/talents.kviff.com\/wp-content\/uploads\/2023\/01\/kviff_talents-logo-2023-1A3760.svg","contentUrl":"https:\/\/talents.kviff.com\/wp-content\/uploads\/2023\/01\/kviff_talents-logo-2023-1A3760.svg","width":231,"height":107,"caption":"KVIFF TALENTS"},"image":{"@id":"https:\/\/talents.kviff.com\/#\/schema\/logo\/image\/"},"sameAs":["https:\/\/www.facebook.com\/KVIFF","https:\/\/x.com\/kviff"]},{"@type":"Person","@id":"https:\/\/talents.kviff.com\/#\/schema\/person\/44dd4a846f0ec05600deab7e53589b12","name":"dh"}]}},"_links":{"self":[{"href":"https:\/\/talents.kviff.com\/en\/wp-json\/wp\/v2\/posts\/747","targetHints":{"allow":["GET"]}}],"collection":[{"href":"https:\/\/talents.kviff.com\/en\/wp-json\/wp\/v2\/posts"}],"about":[{"href":"https:\/\/talents.kviff.com\/en\/wp-json\/wp\/v2\/types\/post"}],"author":[{"embeddable":true,"href":"https:\/\/talents.kviff.com\/en\/wp-json\/wp\/v2\/users\/3"}],"replies":[{"embeddable":true,"href":"https:\/\/talents.kviff.com\/en\/wp-json\/wp\/v2\/comments?post=747"}],"version-history":[{"count":21,"href":"https:\/\/talents.kviff.com\/en\/wp-json\/wp\/v2\/posts\/747\/revisions"}],"predecessor-version":[{"id":2739,"href":"https:\/\/talents.kviff.com\/en\/wp-json\/wp\/v2\/posts\/747\/revisions\/2739"}],"wp:featuredmedia":[{"embeddable":true,"href":"https:\/\/talents.kviff.com\/en\/wp-json\/wp\/v2\/media\/748"}],"wp:attachment":[{"href":"https:\/\/talents.kviff.com\/en\/wp-json\/wp\/v2\/media?parent=747"}],"wp:term":[{"taxonomy":"category","embeddable":true,"href":"https:\/\/talents.kviff.com\/en\/wp-json\/wp\/v2\/categories?post=747"},{"taxonomy":"post_tag","embeddable":true,"href":"https:\/\/talents.kviff.com\/en\/wp-json\/wp\/v2\/tags?post=747"}],"curies":[{"name":"wp","href":"https:\/\/api.w.org\/{rel}","templated":true}]}}