{"id":784,"date":"2022-07-08T19:19:00","date_gmt":"2022-07-08T17:19:00","guid":{"rendered":"https:\/\/talents.kviff.com\/?p=784"},"modified":"2023-02-24T20:21:50","modified_gmt":"2023-02-24T19:21:50","slug":"kviff-talents-na-mff-karlovy-vary-2022","status":"publish","type":"post","link":"https:\/\/talents.kviff.com\/en\/kviff-talents-na-mff-karlovy-vary-2022\/","title":{"rendered":"KVIFF Talents at the Karlovy Vary IFF 2022"},"content":{"rendered":"","protected":false},"excerpt":{"rendered":"<p>56. ro\u010dn\u00edk MFF Karlovy Vary byl d\u011bji\u0161t\u011bm ofici\u00e1ln\u00edho p\u0159edstaven\u00ed prvn\u00edch projekt\u016f vybran\u00fdch pod hlavi\u010dkou KVIFF Talents.<\/p>","protected":false},"author":3,"featured_media":785,"comment_status":"closed","ping_status":"closed","sticky":false,"template":"","format":"standard","meta":{"footnotes":""},"categories":[1],"tags":[],"class_list":["post-784","post","type-post","status-publish","format-standard","has-post-thumbnail","hentry","category-nezarazene"],"yoast_head":"<!-- This site is optimized with the Yoast SEO plugin v27.5 - https:\/\/yoast.com\/product\/yoast-seo-wordpress\/ -->\n<title>KVIFF Talents na MFF Karlovy Vary 2022 | KVIFF TALENTS<\/title>\n<meta name=\"robots\" content=\"index, follow, max-snippet:-1, max-image-preview:large, max-video-preview:-1\" \/>\n<link rel=\"canonical\" href=\"https:\/\/talents.kviff.com\/en\/kviff-talents-na-mff-karlovy-vary-2022\/\" \/>\n<meta property=\"og:locale\" content=\"en_US\" \/>\n<meta property=\"og:type\" content=\"article\" \/>\n<meta property=\"og:title\" content=\"KVIFF Talents na MFF Karlovy Vary 2022 | KVIFF TALENTS\" \/>\n<meta property=\"og:description\" content=\"56. ro\u010dn\u00edk MFF Karlovy Vary byl d\u011bji\u0161t\u011bm ofici\u00e1ln\u00edho p\u0159edstaven\u00ed prvn\u00edch projekt\u016f vybran\u00fdch pod hlavi\u010dkou KVIFF Talents.\" \/>\n<meta property=\"og:url\" content=\"https:\/\/talents.kviff.com\/en\/kviff-talents-na-mff-karlovy-vary-2022\/\" \/>\n<meta property=\"og:site_name\" content=\"KVIFF TALENTS\" \/>\n<meta property=\"article:publisher\" content=\"https:\/\/www.facebook.com\/KVIFF\" \/>\n<meta property=\"article:published_time\" content=\"2022-07-08T17:19:00+00:00\" \/>\n<meta property=\"article:modified_time\" content=\"2023-02-24T19:21:50+00:00\" \/>\n<meta property=\"og:image\" content=\"https:\/\/talents.kviff.com\/wp-content\/uploads\/2023\/01\/kviff-talents-2022-novinka-foto1.jpeg\" \/>\n\t<meta property=\"og:image:width\" content=\"1200\" \/>\n\t<meta property=\"og:image:height\" content=\"800\" \/>\n\t<meta property=\"og:image:type\" content=\"image\/jpeg\" \/>\n<meta name=\"author\" content=\"dh\" \/>\n<meta name=\"twitter:card\" content=\"summary_large_image\" \/>\n<meta name=\"twitter:image\" content=\"https:\/\/talents.kviff.com\/wp-content\/uploads\/2023\/01\/kviff-talents-2022-novinka-foto1.jpeg\" \/>\n<meta name=\"twitter:creator\" content=\"@kviff\" \/>\n<meta name=\"twitter:site\" content=\"@kviff\" \/>\n<meta name=\"twitter:label1\" content=\"Written by\" \/>\n\t<meta name=\"twitter:data1\" content=\"dh\" \/>\n<script type=\"application\/ld+json\" class=\"yoast-schema-graph\">{\"@context\":\"https:\\\/\\\/schema.org\",\"@graph\":[{\"@type\":\"Article\",\"@id\":\"https:\\\/\\\/talents.kviff.com\\\/kviff-talents-na-mff-karlovy-vary-2022\\\/#article\",\"isPartOf\":{\"@id\":\"https:\\\/\\\/talents.kviff.com\\\/kviff-talents-na-mff-karlovy-vary-2022\\\/\"},\"author\":{\"name\":\"dh\",\"@id\":\"https:\\\/\\\/talents.kviff.com\\\/#\\\/schema\\\/person\\\/44dd4a846f0ec05600deab7e53589b12\"},\"headline\":\"KVIFF Talents na MFF Karlovy Vary 2022\",\"datePublished\":\"2022-07-08T17:19:00+00:00\",\"dateModified\":\"2023-02-24T19:21:50+00:00\",\"mainEntityOfPage\":{\"@id\":\"https:\\\/\\\/talents.kviff.com\\\/kviff-talents-na-mff-karlovy-vary-2022\\\/\"},\"wordCount\":6,\"publisher\":{\"@id\":\"https:\\\/\\\/talents.kviff.com\\\/#organization\"},\"image\":{\"@id\":\"https:\\\/\\\/talents.kviff.com\\\/kviff-talents-na-mff-karlovy-vary-2022\\\/#primaryimage\"},\"thumbnailUrl\":\"https:\\\/\\\/talents.kviff.com\\\/wp-content\\\/uploads\\\/2023\\\/01\\\/kviff-talents-2022-novinka-foto1.jpeg\",\"articleSection\":[\"Neza\u0159azen\u00e9\"],\"inLanguage\":\"en-US\"},{\"@type\":\"WebPage\",\"@id\":\"https:\\\/\\\/talents.kviff.com\\\/kviff-talents-na-mff-karlovy-vary-2022\\\/\",\"url\":\"https:\\\/\\\/talents.kviff.com\\\/kviff-talents-na-mff-karlovy-vary-2022\\\/\",\"name\":\"KVIFF Talents na MFF Karlovy Vary 2022 | KVIFF TALENTS\",\"isPartOf\":{\"@id\":\"https:\\\/\\\/talents.kviff.com\\\/#website\"},\"primaryImageOfPage\":{\"@id\":\"https:\\\/\\\/talents.kviff.com\\\/kviff-talents-na-mff-karlovy-vary-2022\\\/#primaryimage\"},\"image\":{\"@id\":\"https:\\\/\\\/talents.kviff.com\\\/kviff-talents-na-mff-karlovy-vary-2022\\\/#primaryimage\"},\"thumbnailUrl\":\"https:\\\/\\\/talents.kviff.com\\\/wp-content\\\/uploads\\\/2023\\\/01\\\/kviff-talents-2022-novinka-foto1.jpeg\",\"datePublished\":\"2022-07-08T17:19:00+00:00\",\"dateModified\":\"2023-02-24T19:21:50+00:00\",\"breadcrumb\":{\"@id\":\"https:\\\/\\\/talents.kviff.com\\\/kviff-talents-na-mff-karlovy-vary-2022\\\/#breadcrumb\"},\"inLanguage\":\"en-US\",\"potentialAction\":[{\"@type\":\"ReadAction\",\"target\":[\"https:\\\/\\\/talents.kviff.com\\\/kviff-talents-na-mff-karlovy-vary-2022\\\/\"]}]},{\"@type\":\"ImageObject\",\"inLanguage\":\"en-US\",\"@id\":\"https:\\\/\\\/talents.kviff.com\\\/kviff-talents-na-mff-karlovy-vary-2022\\\/#primaryimage\",\"url\":\"https:\\\/\\\/talents.kviff.com\\\/wp-content\\\/uploads\\\/2023\\\/01\\\/kviff-talents-2022-novinka-foto1.jpeg\",\"contentUrl\":\"https:\\\/\\\/talents.kviff.com\\\/wp-content\\\/uploads\\\/2023\\\/01\\\/kviff-talents-2022-novinka-foto1.jpeg\",\"width\":1200,\"height\":800},{\"@type\":\"BreadcrumbList\",\"@id\":\"https:\\\/\\\/talents.kviff.com\\\/kviff-talents-na-mff-karlovy-vary-2022\\\/#breadcrumb\",\"itemListElement\":[{\"@type\":\"ListItem\",\"position\":1,\"name\":\"Dom\u016f\",\"item\":\"https:\\\/\\\/talents.kviff.com\\\/\"},{\"@type\":\"ListItem\",\"position\":2,\"name\":\"KVIFF Talents na MFF Karlovy Vary 2022\"}]},{\"@type\":\"WebSite\",\"@id\":\"https:\\\/\\\/talents.kviff.com\\\/#website\",\"url\":\"https:\\\/\\\/talents.kviff.com\\\/\",\"name\":\"KVIFF TALENTS\",\"description\":\"Podporujeme talentovan\u00e9 tv\u016frce a tv\u016frkyn\u011b audiovizu\u00e1ln\u00edch projekt\u016f\",\"publisher\":{\"@id\":\"https:\\\/\\\/talents.kviff.com\\\/#organization\"},\"potentialAction\":[{\"@type\":\"SearchAction\",\"target\":{\"@type\":\"EntryPoint\",\"urlTemplate\":\"https:\\\/\\\/talents.kviff.com\\\/?s={search_term_string}\"},\"query-input\":{\"@type\":\"PropertyValueSpecification\",\"valueRequired\":true,\"valueName\":\"search_term_string\"}}],\"inLanguage\":\"en-US\"},{\"@type\":\"Organization\",\"@id\":\"https:\\\/\\\/talents.kviff.com\\\/#organization\",\"name\":\"KVIFF TALENTS\",\"url\":\"https:\\\/\\\/talents.kviff.com\\\/\",\"logo\":{\"@type\":\"ImageObject\",\"inLanguage\":\"en-US\",\"@id\":\"https:\\\/\\\/talents.kviff.com\\\/#\\\/schema\\\/logo\\\/image\\\/\",\"url\":\"https:\\\/\\\/talents.kviff.com\\\/wp-content\\\/uploads\\\/2023\\\/01\\\/kviff_talents-logo-2023-1A3760.svg\",\"contentUrl\":\"https:\\\/\\\/talents.kviff.com\\\/wp-content\\\/uploads\\\/2023\\\/01\\\/kviff_talents-logo-2023-1A3760.svg\",\"width\":231,\"height\":107,\"caption\":\"KVIFF TALENTS\"},\"image\":{\"@id\":\"https:\\\/\\\/talents.kviff.com\\\/#\\\/schema\\\/logo\\\/image\\\/\"},\"sameAs\":[\"https:\\\/\\\/www.facebook.com\\\/KVIFF\",\"https:\\\/\\\/x.com\\\/kviff\"]},{\"@type\":\"Person\",\"@id\":\"https:\\\/\\\/talents.kviff.com\\\/#\\\/schema\\\/person\\\/44dd4a846f0ec05600deab7e53589b12\",\"name\":\"dh\"}]}<\/script>\n<!-- \/ Yoast SEO plugin. -->","yoast_head_json":{"title":"KVIFF Talents na MFF Karlovy Vary 2022 | KVIFF TALENTS","robots":{"index":"index","follow":"follow","max-snippet":"max-snippet:-1","max-image-preview":"max-image-preview:large","max-video-preview":"max-video-preview:-1"},"canonical":"https:\/\/talents.kviff.com\/en\/kviff-talents-na-mff-karlovy-vary-2022\/","og_locale":"en_US","og_type":"article","og_title":"KVIFF Talents na MFF Karlovy Vary 2022 | KVIFF TALENTS","og_description":"56. ro\u010dn\u00edk MFF Karlovy Vary byl d\u011bji\u0161t\u011bm ofici\u00e1ln\u00edho p\u0159edstaven\u00ed prvn\u00edch projekt\u016f vybran\u00fdch pod hlavi\u010dkou KVIFF Talents.","og_url":"https:\/\/talents.kviff.com\/en\/kviff-talents-na-mff-karlovy-vary-2022\/","og_site_name":"KVIFF TALENTS","article_publisher":"https:\/\/www.facebook.com\/KVIFF","article_published_time":"2022-07-08T17:19:00+00:00","article_modified_time":"2023-02-24T19:21:50+00:00","og_image":[{"width":1200,"height":800,"url":"https:\/\/talents.kviff.com\/wp-content\/uploads\/2023\/01\/kviff-talents-2022-novinka-foto1.jpeg","type":"image\/jpeg"}],"author":"dh","twitter_card":"summary_large_image","twitter_image":"https:\/\/talents.kviff.com\/wp-content\/uploads\/2023\/01\/kviff-talents-2022-novinka-foto1.jpeg","twitter_creator":"@kviff","twitter_site":"@kviff","twitter_misc":{"Written by":"dh"},"schema":{"@context":"https:\/\/schema.org","@graph":[{"@type":"Article","@id":"https:\/\/talents.kviff.com\/kviff-talents-na-mff-karlovy-vary-2022\/#article","isPartOf":{"@id":"https:\/\/talents.kviff.com\/kviff-talents-na-mff-karlovy-vary-2022\/"},"author":{"name":"dh","@id":"https:\/\/talents.kviff.com\/#\/schema\/person\/44dd4a846f0ec05600deab7e53589b12"},"headline":"KVIFF Talents na MFF Karlovy Vary 2022","datePublished":"2022-07-08T17:19:00+00:00","dateModified":"2023-02-24T19:21:50+00:00","mainEntityOfPage":{"@id":"https:\/\/talents.kviff.com\/kviff-talents-na-mff-karlovy-vary-2022\/"},"wordCount":6,"publisher":{"@id":"https:\/\/talents.kviff.com\/#organization"},"image":{"@id":"https:\/\/talents.kviff.com\/kviff-talents-na-mff-karlovy-vary-2022\/#primaryimage"},"thumbnailUrl":"https:\/\/talents.kviff.com\/wp-content\/uploads\/2023\/01\/kviff-talents-2022-novinka-foto1.jpeg","articleSection":["Neza\u0159azen\u00e9"],"inLanguage":"en-US"},{"@type":"WebPage","@id":"https:\/\/talents.kviff.com\/kviff-talents-na-mff-karlovy-vary-2022\/","url":"https:\/\/talents.kviff.com\/kviff-talents-na-mff-karlovy-vary-2022\/","name":"KVIFF Talents na MFF Karlovy Vary 2022 | KVIFF TALENTS","isPartOf":{"@id":"https:\/\/talents.kviff.com\/#website"},"primaryImageOfPage":{"@id":"https:\/\/talents.kviff.com\/kviff-talents-na-mff-karlovy-vary-2022\/#primaryimage"},"image":{"@id":"https:\/\/talents.kviff.com\/kviff-talents-na-mff-karlovy-vary-2022\/#primaryimage"},"thumbnailUrl":"https:\/\/talents.kviff.com\/wp-content\/uploads\/2023\/01\/kviff-talents-2022-novinka-foto1.jpeg","datePublished":"2022-07-08T17:19:00+00:00","dateModified":"2023-02-24T19:21:50+00:00","breadcrumb":{"@id":"https:\/\/talents.kviff.com\/kviff-talents-na-mff-karlovy-vary-2022\/#breadcrumb"},"inLanguage":"en-US","potentialAction":[{"@type":"ReadAction","target":["https:\/\/talents.kviff.com\/kviff-talents-na-mff-karlovy-vary-2022\/"]}]},{"@type":"ImageObject","inLanguage":"en-US","@id":"https:\/\/talents.kviff.com\/kviff-talents-na-mff-karlovy-vary-2022\/#primaryimage","url":"https:\/\/talents.kviff.com\/wp-content\/uploads\/2023\/01\/kviff-talents-2022-novinka-foto1.jpeg","contentUrl":"https:\/\/talents.kviff.com\/wp-content\/uploads\/2023\/01\/kviff-talents-2022-novinka-foto1.jpeg","width":1200,"height":800},{"@type":"BreadcrumbList","@id":"https:\/\/talents.kviff.com\/kviff-talents-na-mff-karlovy-vary-2022\/#breadcrumb","itemListElement":[{"@type":"ListItem","position":1,"name":"Dom\u016f","item":"https:\/\/talents.kviff.com\/"},{"@type":"ListItem","position":2,"name":"KVIFF Talents na MFF Karlovy Vary 2022"}]},{"@type":"WebSite","@id":"https:\/\/talents.kviff.com\/#website","url":"https:\/\/talents.kviff.com\/","name":"KVIFF TALENTS","description":"Podporujeme talentovan\u00e9 tv\u016frce a tv\u016frkyn\u011b audiovizu\u00e1ln\u00edch projekt\u016f","publisher":{"@id":"https:\/\/talents.kviff.com\/#organization"},"potentialAction":[{"@type":"SearchAction","target":{"@type":"EntryPoint","urlTemplate":"https:\/\/talents.kviff.com\/?s={search_term_string}"},"query-input":{"@type":"PropertyValueSpecification","valueRequired":true,"valueName":"search_term_string"}}],"inLanguage":"en-US"},{"@type":"Organization","@id":"https:\/\/talents.kviff.com\/#organization","name":"KVIFF TALENTS","url":"https:\/\/talents.kviff.com\/","logo":{"@type":"ImageObject","inLanguage":"en-US","@id":"https:\/\/talents.kviff.com\/#\/schema\/logo\/image\/","url":"https:\/\/talents.kviff.com\/wp-content\/uploads\/2023\/01\/kviff_talents-logo-2023-1A3760.svg","contentUrl":"https:\/\/talents.kviff.com\/wp-content\/uploads\/2023\/01\/kviff_talents-logo-2023-1A3760.svg","width":231,"height":107,"caption":"KVIFF TALENTS"},"image":{"@id":"https:\/\/talents.kviff.com\/#\/schema\/logo\/image\/"},"sameAs":["https:\/\/www.facebook.com\/KVIFF","https:\/\/x.com\/kviff"]},{"@type":"Person","@id":"https:\/\/talents.kviff.com\/#\/schema\/person\/44dd4a846f0ec05600deab7e53589b12","name":"dh"}]}},"_links":{"self":[{"href":"https:\/\/talents.kviff.com\/en\/wp-json\/wp\/v2\/posts\/784","targetHints":{"allow":["GET"]}}],"collection":[{"href":"https:\/\/talents.kviff.com\/en\/wp-json\/wp\/v2\/posts"}],"about":[{"href":"https:\/\/talents.kviff.com\/en\/wp-json\/wp\/v2\/types\/post"}],"author":[{"embeddable":true,"href":"https:\/\/talents.kviff.com\/en\/wp-json\/wp\/v2\/users\/3"}],"replies":[{"embeddable":true,"href":"https:\/\/talents.kviff.com\/en\/wp-json\/wp\/v2\/comments?post=784"}],"version-history":[{"count":1,"href":"https:\/\/talents.kviff.com\/en\/wp-json\/wp\/v2\/posts\/784\/revisions"}],"predecessor-version":[{"id":786,"href":"https:\/\/talents.kviff.com\/en\/wp-json\/wp\/v2\/posts\/784\/revisions\/786"}],"wp:featuredmedia":[{"embeddable":true,"href":"https:\/\/talents.kviff.com\/en\/wp-json\/wp\/v2\/media\/785"}],"wp:attachment":[{"href":"https:\/\/talents.kviff.com\/en\/wp-json\/wp\/v2\/media?parent=784"}],"wp:term":[{"taxonomy":"category","embeddable":true,"href":"https:\/\/talents.kviff.com\/en\/wp-json\/wp\/v2\/categories?post=784"},{"taxonomy":"post_tag","embeddable":true,"href":"https:\/\/talents.kviff.com\/en\/wp-json\/wp\/v2\/tags?post=784"}],"curies":[{"name":"wp","href":"https:\/\/api.w.org\/{rel}","templated":true}]}}